{"id":279,"date":"2021-01-31T23:15:34","date_gmt":"2021-01-31T23:15:34","guid":{"rendered":"https:\/\/www.carlesbrotons.com\/?p=279"},"modified":"2021-01-31T23:15:34","modified_gmt":"2021-01-31T23:15:34","slug":"invernales","status":"publish","type":"post","link":"https:\/\/www.carlesbrotons.com\/index.php\/2021\/01\/31\/invernales\/","title":{"rendered":"INVERNALES"},"content":{"rendered":"\n<p><\/p>\n\n\n\n<p>No acostumbro a ir a concentraciones. No tengo nada en contra de ellas, pero por mi forma de entender la moto y la vida en general, me agobian las aglomeraciones y me siento m\u00e1s c\u00f3modo cuanto menos organizada est\u00e9 la ruta.<\/p>\n\n\n\n<figure class=\"wp-block-image size-large\"><img loading=\"lazy\" width=\"1024\" height=\"580\" src=\"https:\/\/www.carlesbrotons.com\/wp-content\/uploads\/2021\/01\/8E27BB3D-E5D0-4E02-9FD8-C633F5F2F2B1_1_201_a-1024x580.jpeg\" alt=\"\" class=\"wp-image-285\" srcset=\"https:\/\/www.carlesbrotons.com\/wp-content\/uploads\/2021\/01\/8E27BB3D-E5D0-4E02-9FD8-C633F5F2F2B1_1_201_a-1024x580.jpeg 1024w, https:\/\/www.carlesbrotons.com\/wp-content\/uploads\/2021\/01\/8E27BB3D-E5D0-4E02-9FD8-C633F5F2F2B1_1_201_a-300x170.jpeg 300w, https:\/\/www.carlesbrotons.com\/wp-content\/uploads\/2021\/01\/8E27BB3D-E5D0-4E02-9FD8-C633F5F2F2B1_1_201_a-768x435.jpeg 768w, https:\/\/www.carlesbrotons.com\/wp-content\/uploads\/2021\/01\/8E27BB3D-E5D0-4E02-9FD8-C633F5F2F2B1_1_201_a-1536x870.jpeg 1536w, https:\/\/www.carlesbrotons.com\/wp-content\/uploads\/2021\/01\/8E27BB3D-E5D0-4E02-9FD8-C633F5F2F2B1_1_201_a.jpeg 1987w\" sizes=\"(max-width: 767px) 89vw, (max-width: 1000px) 54vw, (max-width: 1071px) 543px, 580px\" \/><\/figure>\n\n\n\n<p>Sin embargo hay algunas a las que s\u00ed me gusta ir, todas ellas en invierno. El Amotonamiento de la Penya Paddock en Ulldemolins, Tarragona, que dej\u00f3 de realizarse en 2019; la Invernal de la Penya Paki Paya, de reciente creaci\u00f3n en la provincia de Barcelona; la Reuni\u00f3n Invernal de Arguis del Moto Club Monrep\u00f3s, desde 1974 en el embalse de Arguis, Huesca; o la famosa Elefantentreffen, a la que acud\u00ed en su edici\u00f3n 64 en 2020, en Loh\/Solla, en la Baviera alemana, justamente hoy hace un a\u00f1o. <\/p>\n\n\n\n<figure class=\"wp-block-image size-large\"><img loading=\"lazy\" width=\"960\" height=\"720\" src=\"https:\/\/www.carlesbrotons.com\/wp-content\/uploads\/2021\/01\/E074A788-CBBC-4F4F-B935-364B9B099A81_1_201_a.jpeg\" alt=\"\" class=\"wp-image-280\" srcset=\"https:\/\/www.carlesbrotons.com\/wp-content\/uploads\/2021\/01\/E074A788-CBBC-4F4F-B935-364B9B099A81_1_201_a.jpeg 960w, https:\/\/www.carlesbrotons.com\/wp-content\/uploads\/2021\/01\/E074A788-CBBC-4F4F-B935-364B9B099A81_1_201_a-300x225.jpeg 300w, https:\/\/www.carlesbrotons.com\/wp-content\/uploads\/2021\/01\/E074A788-CBBC-4F4F-B935-364B9B099A81_1_201_a-768x576.jpeg 768w\" sizes=\"(max-width: 767px) 89vw, (max-width: 1000px) 54vw, (max-width: 1071px) 543px, 580px\" \/><\/figure>\n\n\n\n<p>Todas ellas tienen en com\u00fan el fr\u00edo, las hogueras, el caldo caliente, la amistad y la camarader\u00eda que se respira.\u00a0<\/p>\n\n\n\n<p>Recuerdo hace a\u00f1os en la reuni\u00f3n de Arguis, levantarme por la ma\u00f1ana y apartar con la mano la capa de hielo formado en la lona de la tienda de campa\u00f1a, tras una g\u00e9lida noche solo confortada por las risas de los amigos y compa\u00f1eros, y jurarme a m\u00ed mismo: \u00ab\u00a1no volver\u00e9 m\u00e1s! \u00a1joder que fr\u00edo!\u00bb&nbsp;<\/p>\n\n\n\n<p>Y al a\u00f1o siguiente, el fin de semana anterior a Navidad, all\u00ed volv\u00eda a estar, fiel a mi cita para encontrarme de nuevo a esos amigos y compa\u00f1eros de distintos puntos de Espa\u00f1a, que solo nos ve\u00edamos en esa reuni\u00f3n.&nbsp;<\/p>\n\n\n\n<figure class=\"wp-block-image size-large\"><img loading=\"lazy\" width=\"718\" height=\"738\" src=\"https:\/\/www.carlesbrotons.com\/wp-content\/uploads\/2021\/01\/606D7397-CD9D-44C2-9ECB-62DCAFAD04AB_1_201_a-1.jpeg\" alt=\"\" class=\"wp-image-288\" srcset=\"https:\/\/www.carlesbrotons.com\/wp-content\/uploads\/2021\/01\/606D7397-CD9D-44C2-9ECB-62DCAFAD04AB_1_201_a-1.jpeg 718w, https:\/\/www.carlesbrotons.com\/wp-content\/uploads\/2021\/01\/606D7397-CD9D-44C2-9ECB-62DCAFAD04AB_1_201_a-1-292x300.jpeg 292w\" sizes=\"(max-width: 718px) 100vw, 718px\" \/><\/figure>\n\n\n\n<p>Aunque ya no hace el fr\u00edo de a\u00f1os atr\u00e1s, estas reuniones mantienen la esencia del viaje en moto en invierno: la conducci\u00f3n \u201ca la defensiva\u201d, el hielo traicionero en las curvas sombr\u00edas, la pantalla del casco empa\u00f1ada o los ojos llorosos por el hilo de aire que se cuela por el casco (elige una u otra opci\u00f3n, no hay punto intermedio), los dedos de las manos insensibles, los pies como cubitos de hielo, y al bajar de la moto tener el cuello y la espalda agarrotados por la tensi\u00f3n, tras horas de encoger el cuerpo por el fr\u00edo.&nbsp;<\/p>\n\n\n\n<p>Al llegar al lugar de la concentraci\u00f3n resulta imprescindible reunirse junto a la hoguera con un vaso de caldo caliente, escuchando las batallitas moteras de rigor, para de esta manera atemperar el cuerpo y el esp\u00edritu.<\/p>\n\n\n\n<figure class=\"wp-block-image size-large\"><img loading=\"lazy\" width=\"960\" height=\"720\" src=\"https:\/\/www.carlesbrotons.com\/wp-content\/uploads\/2021\/01\/D1C7C22A-8659-4DEB-B52F-78E0455621CE_1_201_a.jpeg\" alt=\"\" class=\"wp-image-281\" srcset=\"https:\/\/www.carlesbrotons.com\/wp-content\/uploads\/2021\/01\/D1C7C22A-8659-4DEB-B52F-78E0455621CE_1_201_a.jpeg 960w, https:\/\/www.carlesbrotons.com\/wp-content\/uploads\/2021\/01\/D1C7C22A-8659-4DEB-B52F-78E0455621CE_1_201_a-300x225.jpeg 300w, https:\/\/www.carlesbrotons.com\/wp-content\/uploads\/2021\/01\/D1C7C22A-8659-4DEB-B52F-78E0455621CE_1_201_a-768x576.jpeg 768w\" sizes=\"(max-width: 767px) 89vw, (max-width: 1000px) 54vw, (max-width: 1071px) 543px, 580px\" \/><\/figure>\n\n\n\n<figure class=\"wp-block-image size-large\"><img loading=\"lazy\" width=\"960\" height=\"720\" src=\"https:\/\/www.carlesbrotons.com\/wp-content\/uploads\/2021\/01\/F75BA8D6-DA92-4C34-8CDB-0525A346C02A_1_201_a.jpeg\" alt=\"\" class=\"wp-image-283\" srcset=\"https:\/\/www.carlesbrotons.com\/wp-content\/uploads\/2021\/01\/F75BA8D6-DA92-4C34-8CDB-0525A346C02A_1_201_a.jpeg 960w, https:\/\/www.carlesbrotons.com\/wp-content\/uploads\/2021\/01\/F75BA8D6-DA92-4C34-8CDB-0525A346C02A_1_201_a-300x225.jpeg 300w, https:\/\/www.carlesbrotons.com\/wp-content\/uploads\/2021\/01\/F75BA8D6-DA92-4C34-8CDB-0525A346C02A_1_201_a-768x576.jpeg 768w\" sizes=\"(max-width: 767px) 89vw, (max-width: 1000px) 54vw, (max-width: 1071px) 543px, 580px\" \/><\/figure>\n\n\n\n<p>\u00a0Desgraciadamente en 2020 no hubo Reuni\u00f3n, como consecuencia de esta pandemia mundial de la Covid-19 que tanto ha condicionado nuestras vidas, pero me consuela haber acudido a la 46 edici\u00f3n, la \u00faltima que se hizo en 2019, y adem\u00e1s tengo la seguridad de que en 2021 podremos vernos de nuevo en la 47 Reuni\u00f3n Invernal de Arguis, el encuentro de motoristas m\u00e1s antiguo de Espa\u00f1a.<\/p>\n\n\n\n<figure class=\"wp-block-image size-large\"><img loading=\"lazy\" width=\"750\" height=\"562\" src=\"https:\/\/www.carlesbrotons.com\/wp-content\/uploads\/2021\/01\/0ACB7937-280A-41B1-9462-DFEFFBEE8160_1_201_a.jpeg\" alt=\"\" class=\"wp-image-284\" srcset=\"https:\/\/www.carlesbrotons.com\/wp-content\/uploads\/2021\/01\/0ACB7937-280A-41B1-9462-DFEFFBEE8160_1_201_a.jpeg 750w, https:\/\/www.carlesbrotons.com\/wp-content\/uploads\/2021\/01\/0ACB7937-280A-41B1-9462-DFEFFBEE8160_1_201_a-300x225.jpeg 300w\" sizes=\"(max-width: 706px) 89vw, (max-width: 767px) 82vw, 740px\" \/><\/figure>\n","protected":false},"excerpt":{"rendered":"<p>No acostumbro a ir a concentraciones. No tengo nada en contra de ellas, pero por mi forma de entender la moto y la vida en general, me agobian las aglomeraciones y me siento m\u00e1s c\u00f3modo cuanto menos organizada est\u00e9 la ruta. Sin embargo hay algunas a las que s\u00ed me gusta ir, todas ellas en &hellip; <\/p>\n<p class=\"link-more\"><a href=\"https:\/\/www.carlesbrotons.com\/index.php\/2021\/01\/31\/invernales\/\" class=\"more-link\">Continuar leyendo<span class=\"screen-reader-text\"> &#8220;INVERNALES&#8221;<\/span><\/a><\/p>\n","protected":false},"author":1,"featured_media":0,"comment_status":"open","ping_status":"open","sticky":false,"template":"","format":"standard","meta":[],"categories":[1],"tags":[83,80,15,79,84,82,81,14],"_links":{"self":[{"href":"https:\/\/www.carlesbrotons.com\/index.php\/wp-json\/wp\/v2\/posts\/279"}],"collection":[{"href":"https:\/\/www.carlesbrotons.com\/index.php\/wp-json\/wp\/v2\/posts"}],"about":[{"href":"https:\/\/www.carlesbrotons.com\/index.php\/wp-json\/wp\/v2\/types\/post"}],"author":[{"embeddable":true,"href":"https:\/\/www.carlesbrotons.com\/index.php\/wp-json\/wp\/v2\/users\/1"}],"replies":[{"embeddable":true,"href":"https:\/\/www.carlesbrotons.com\/index.php\/wp-json\/wp\/v2\/comments?post=279"}],"version-history":[{"count":3,"href":"https:\/\/www.carlesbrotons.com\/index.php\/wp-json\/wp\/v2\/posts\/279\/revisions"}],"predecessor-version":[{"id":289,"href":"https:\/\/www.carlesbrotons.com\/index.php\/wp-json\/wp\/v2\/posts\/279\/revisions\/289"}],"wp:attachment":[{"href":"https:\/\/www.carlesbrotons.com\/index.php\/wp-json\/wp\/v2\/media?parent=279"}],"wp:term":[{"taxonomy":"category","embeddable":true,"href":"https:\/\/www.carlesbrotons.com\/index.php\/wp-json\/wp\/v2\/categories?post=279"},{"taxonomy":"post_tag","embeddable":true,"href":"https:\/\/www.carlesbrotons.com\/index.php\/wp-json\/wp\/v2\/tags?post=279"}],"curies":[{"name":"wp","href":"https:\/\/api.w.org\/{rel}","templated":true}]}}